{"id":1885,"date":"2022-03-10T16:29:22","date_gmt":"2022-03-10T16:29:22","guid":{"rendered":"https:\/\/naturoots.org\/?p=1885"},"modified":"2024-06-11T20:34:35","modified_gmt":"2024-06-11T18:34:35","slug":"el-debate-del-lobo-y-su-conservacion","status":"publish","type":"post","link":"https:\/\/naturoots.es\/en\/el-debate-del-lobo-y-su-conservacion\/","title":{"rendered":"Between wolves and shepherds"},"content":{"rendered":"<div data-elementor-type=\"wp-post\" data-elementor-id=\"1885\" class=\"elementor elementor-1885\" data-elementor-post-type=\"post\">\n\t\t\t\t<div class=\"elementor-element elementor-element-47133262 e-flex e-con-boxed e-con e-parent\" data-id=\"47133262\" data-element_type=\"container\">\n\t\t\t\t\t<div class=\"e-con-inner\">\n\t\t\t\t<div class=\"elementor-element elementor-element-4058aa0 elementor-widget elementor-widget-text-editor\" data-id=\"4058aa0\" data-element_type=\"widget\" data-widget_type=\"text-editor.default\">\n\t\t\t\t<div class=\"elementor-widget-container\">\n\t\t\t\t\t\t\t\t\t<p>En el territorio en el que tenemos la suerte de trabajar, en plena Sierra Morena, hace tiempo que desapareci\u00f3 un elemento fundamental que daba sentido y equilibrio a su bello paisaje. De los altos cerros a sus profundas gargantas, el silencio en las noches de oto\u00f1o extra\u00f1a un sonido que evoca leyendas y mitos; el aullido del lobo ib\u00e9rico.<\/p><p>Que la poblaci\u00f3n andaluza de la especie estaba en grave peligro no era un secreto para comienzos de este siglo, y rapidamente se asumi\u00f3 que los \u00fanicos lobos que quedaban al sur de Despe\u00f1aperros estaban acantonados en alguna parte de la sierra de And\u00fajar. La tradici\u00f3n lobera en esta serran\u00eda ha sido importante, y existen varios escritos que documentan episodios ligados a una buena cantidad de manadas. El h\u00e1bitat es fabuloso para este c\u00e1nido, si bien gran parte de la pen\u00ednsula ser\u00eda susceptible de albergar lobos si a \u00e9stos se les dejara en paz. Por todo esto nos parece interesante aportar nuestro granito de arena a un debate cansino que parece no tener fin en nuestro pa\u00eds.<\/p><p>Como todos sabemos, los lobos llegaron antes que nosotros, mucho antes de que empez\u00e1ramos a transformar el paisaje que habitaban y mucho antes de que recorri\u00e9ramos sus dominios acompa\u00f1ados de las especies animales que hab\u00edamos logrado domesticar, tales como la oveja, la cabra y la vaca. Resulta que estas especies, procedentes en origen de las ancestrales presas silvestres de los lobos, hab\u00edan perdido todo su equipamiento etol\u00f3gico al pasar por el filtro de la selecci\u00f3n artificial humana, perdiendo as\u00ed las herramientas que les permit\u00edan sobrevivir en la naturaleza. Ya no eran capaces de esconderse, escapar o defenderse en conjunto a la hora de lidiar con el ataque de depredadores. Estas especies se acomodaron a vivir protegidas y alimentadas por los humanos, lo cual, tras varios milenios, redujo su cerebro y su capacidad de sobrevivir sin la atenci\u00f3n de los mismos.<\/p>\t\t\t\t\t\t\t\t<\/div>\n\t\t\t\t<\/div>\n\t\t\t\t<div class=\"elementor-element elementor-element-a956568 elementor-widget elementor-widget-image\" data-id=\"a956568\" data-element_type=\"widget\" data-widget_type=\"image.default\">\n\t\t\t\t<div class=\"elementor-widget-container\">\n\t\t\t\t\t\t\t\t\t\t\t\t\t\t\t<img fetchpriority=\"high\" decoding=\"async\" width=\"845\" height=\"550\" src=\"https:\/\/naturoots.es\/wp-content\/uploads\/2022\/03\/lobo-1.jpg\" class=\"attachment-full size-full wp-image-3307\" alt=\"Observaci\u00f3n de linces And\u00fajar - NATUROOTS\" srcset=\"https:\/\/naturoots.es\/wp-content\/uploads\/2022\/03\/lobo-1.jpg 845w, https:\/\/naturoots.es\/wp-content\/uploads\/2022\/03\/lobo-1-300x195.jpg 300w, https:\/\/naturoots.es\/wp-content\/uploads\/2022\/03\/lobo-1-768x500.jpg 768w\" sizes=\"(max-width: 845px) 100vw, 845px\" \/>\t\t\t\t\t\t\t\t\t\t\t\t\t\t\t<\/div>\n\t\t\t\t<\/div>\n\t\t\t\t<div class=\"elementor-element elementor-element-b0c7f64 elementor-widget elementor-widget-text-editor\" data-id=\"b0c7f64\" data-element_type=\"widget\" data-widget_type=\"text-editor.default\">\n\t\t\t\t<div class=\"elementor-widget-container\">\n\t\t\t\t\t\t\t\t\t<p>Hab\u00edamos creado unos animales que solo serv\u00edan para comer, dormir y reproducirse. Esto era precisamente lo que nuestros antepasados quer\u00edan, por lo que su domesticaci\u00f3n fue un \u00e9xito sin precedentes. La aclimataci\u00f3n de plantas y animales, en otras palabras la agricultura y la ganader\u00eda, dispararon a la especie humana hasta l\u00edmites que eran imposibles de imaginar.<\/p><p>Un avance de tal calibre, sin embargo, no pudo permanecer mucho tiempo oculto del resto de animales que compart\u00edan con nosotros valles y monta\u00f1as.\u00a0Los lobos, linces y zorros de turno vieron en esos torpes animales una oportunidad para optimizar sus rendimientos metab\u00f3licos. As\u00ed funciona la naturaleza; nadie desde\u00f1a consumir m\u00e1s calor\u00edas mediante un menor gasto de las mismas. Ni los humanos ni los lobos.<\/p><p>Y aqu\u00ed surgi\u00f3 el problema. Y no es un problema exclusivo de los lobos, si bien estos, por su tama\u00f1o, consumen una mayor cantidad de carne en comparaci\u00f3n con otras especies m\u00e1s peque\u00f1as, causando por ello un mayor perjuicio en los propietarios de las reses atacadas. No es lo mismo perder 3 gallinas que 3 terneros. Sin embargo, la persecuci\u00f3n sin piedad de animales que osaran competir con nosotros es un hecho que existe desde que tenemos conocimiento, y dura hasta el d\u00eda de hoy. Tan flagrante ha sido a lo largo de la historia que incluso en la segunda mitad del siglo pasado, cuando ya se nos deb\u00eda de atribuir un m\u00ednimo de conciencia ecol\u00f3gica, se incentivaba dicho exterminio por parte de las administraciones pagando por pieza muerta. Zorros, jinetas, meloncillos, linces y aves rapaces fueron perseguidos sin reflexi\u00f3n alguna.<\/p><p>Que la poblaci\u00f3n andaluza de la especie estaba en grave peligro no era un secreto para comienzos de este siglo, y r\u00e1pidamente se asumi\u00f3 que los \u00fanicos lobos que quedaban al sur de Despe\u00f1aperros estaban acantonados en alguna parte de la sierra de And\u00fajar. La tradici\u00f3n lobera en esta serran\u00eda ha sido importante, y existen varios escritos que documentan episodios ligados a una buena cantidad de manadas. El h\u00e1bitat es fabuloso para este c\u00e1nido, si bien gran parte de la pen\u00ednsula ser\u00eda susceptible de albergar lobos si a \u00e9stos se les dejara en paz. Por todo esto nos parece interesante aportar nuestro granito de arena a un debate cansino que parece no tener fin en nuestro pa\u00eds.<\/p><p>Como todos sabemos, los lobos llegaron antes que nosotros, mucho antes de que empez\u00e1ramos a transformar el paisaje que habitaban y mucho antes de que recorri\u00e9ramos sus dominios acompa\u00f1ados de las especies animales que hab\u00edamos logrado domesticar, tales como la oveja, la cabra y la vaca. Resulta que estas especies, procedentes en origen de las ancestrales presas silvestres de los lobos, hab\u00edan perdido todo su equipamiento etol\u00f3gico al pasar por el filtro de la selecci\u00f3n artificial humana, perdiendo as\u00ed las herramientas que les permit\u00edan sobrevivir en la naturaleza. Ya no eran capaces de esconderse, escapar o defenderse en conjunto a la hora de lidiar con el ataque de depredadores. Estas especies se acomodaron a vivir protegidas y alimentadas por los humanos, lo cual, tras varios milenios, redujo su cerebro y su capacidad de sobrevivir sin la atenci\u00f3n de los mismos.<\/p>\t\t\t\t\t\t\t\t<\/div>\n\t\t\t\t<\/div>\n\t\t\t\t<div class=\"elementor-element elementor-element-4e76d79 elementor-widget elementor-widget-image\" data-id=\"4e76d79\" data-element_type=\"widget\" data-widget_type=\"image.default\">\n\t\t\t\t<div class=\"elementor-widget-container\">\n\t\t\t\t\t\t\t\t\t\t\t\t\t\t\t<img decoding=\"async\" width=\"570\" height=\"410\" src=\"https:\/\/naturoots.es\/wp-content\/uploads\/2022\/03\/lobo-3.jpg\" class=\"attachment-full size-full wp-image-3306\" alt=\"Observaci\u00f3n de linces And\u00fajar - NATUROOTS\" srcset=\"https:\/\/naturoots.es\/wp-content\/uploads\/2022\/03\/lobo-3.jpg 570w, https:\/\/naturoots.es\/wp-content\/uploads\/2022\/03\/lobo-3-300x216.jpg 300w\" sizes=\"(max-width: 570px) 100vw, 570px\" \/>\t\t\t\t\t\t\t\t\t\t\t\t\t\t\t<\/div>\n\t\t\t\t<\/div>\n\t\t\t\t<div class=\"elementor-element elementor-element-5433436 elementor-widget elementor-widget-text-editor\" data-id=\"5433436\" data-element_type=\"widget\" data-widget_type=\"text-editor.default\">\n\t\t\t\t<div class=\"elementor-widget-container\">\n\t\t\t\t\t\t\t\t\t<p>Hab\u00edamos creado unos animales que solo serv\u00edan para comer, dormir y reproducirse. Esto era precisamente lo que nuestros antepasados quer\u00edan, por lo que su domesticaci\u00f3n fue un \u00e9xito sin precedentes. La aclimataci\u00f3n de plantas y animales, en otras palabras la agricultura y la ganader\u00eda, dispararon a la especie humana hasta l\u00edmites que eran imposibles de imaginar.<\/p><p>Un avance de tal calibre, sin embargo, no pudo permanecer mucho tiempo oculto del resto de animales que compart\u00edan con nosotros valles y monta\u00f1as.\u00a0Los lobos, linces y zorros de turno vieron en esos torpes animales una oportunidad para optimizar sus rendimientos metab\u00f3licos. As\u00ed funciona la naturaleza; nadie desde\u00f1a consumir m\u00e1s calor\u00edas mediante un menor gasto de las mismas. Ni los humanos ni los lobos.<\/p><p>Y aqu\u00ed surgi\u00f3 el problema. Y no es un problema exclusivo de los lobos, si bien estos, por su tama\u00f1o, consumen una mayor cantidad de carne en comparaci\u00f3n con otras especies m\u00e1s peque\u00f1as, causando por ello un mayor perjuicio en los propietarios de las reses atacadas. No es lo mismo perder 3 gallinas que 3 terneros. Sin embargo, la persecuci\u00f3n sin piedad de animales que osaran competir con nosotros es un hecho que existe desde que tenemos conocimiento, y dura hasta el d\u00eda de hoy. Tan flagrante ha sido a lo largo de la historia que incluso en la segunda mitad del siglo pasado, cuando ya se nos deb\u00eda de atribuir un m\u00ednimo de conciencia ecol\u00f3gica, se incentivaba dicho exterminio por parte de las administraciones pagando por pieza muerta. Zorros, jinetas, meloncillos, linces y aves rapaces fueron perseguidos sin reflexi\u00f3n alguna.<\/p><p>El plan era claro y se sustentaba en un conocimiento muy somero de la pir\u00e1mide tr\u00f3fica. Si eliminamos los animales de la parte superior, que por equilibrio natural existen en menor n\u00famero, podremos gestionar a nuestras anchas todo lo que queda en la parte inferior de la pir\u00e1mide, animales que se dan en mayor n\u00famero y que sustentaban a los anteriormente eliminados. Unos aut\u00e9nticos lumbreras estos humanos. No hace falta ser un reputado bi\u00f3logo para saber que esto era una mala idea.<\/p><p>El creciente saber sobre el funcionamiento del mundo en el que vivimos y algunos s\u00edntomas perjudiciales consecuentes de este desajuste ecol\u00f3gico, como la destrucci\u00f3n de cultivos realizada por las descontroladas poblaciones de herb\u00edvoros, hicieron que la persecuci\u00f3n de muchas especies, si bien no cesara por completo, al menos si se redujera.<\/p><p>El lobo, sin embargo, mantuvo su estatus de animal non grato, y el debate divide a\u00fan hoy a los que quieren vivir sin lobos y los que quieren lo contrario. Para complicar m\u00e1s la situaci\u00f3n aparece un componente demogr\u00e1fico fundamental, end\u00e9mico de nuestro pa\u00eds, que dificulta la posibilidad de entenderse entre ambas partes; la profunda brecha entre el mundo rural y el urbano.<\/p><p>La comunidad cient\u00edfica que asesora y los defensores del lobo por principios \u00e9ticos est\u00e1n asociados, en muchos casos erroneamente, al mundo cosmopolita de las ciudades. Mientras, los ganaderos y gentes rurales que padecen los da\u00f1os de la coexistencia con el animal viven normalmente alejados de estas, y no les gusta ver como desde un despacho en la gran urbe se dictamina sobre los temas que a ellos les afectan en primera persona.<\/p><p>Este enfrentamiento entre campo y ciudad es otro problema at\u00e1vico que alcanz\u00f3 su punto de no retorno con la mecanizaci\u00f3n de la agricultura y el posterior \u00e9xodo rural de mediados del siglo pasado. Las ciudades multiplicaron r\u00e1pidamente su extensi\u00f3n mientras que la Espa\u00f1a interior se vaciaba y quedaba casi olvidada para los que prosperaron en una nueva vida en la metr\u00f3polis. Los pocos que quedaron en el campo exigen, y por desgracia muchas veces necesitan, ayudas para poder mantenerse en estos territorios atendiendo un sector primario que la industrializaci\u00f3n ha devorado casi por completo.<\/p><p>Desde nuestro punto de vista, ha llegado el momento de gestionar la naturaleza, y todo lo dem\u00e1s, de una manera racional basada en la justicia ecol\u00f3gica y el conocimiento cient\u00edfico. No podemos prescindir de especies que contribuyan al equilibrio de los ecosistemas ni seguir promulgando las pr\u00e1cticas que hace medio siglo llevaron a un gran n\u00famero carn\u00edvoros al borde de la extinci\u00f3n. Sabemos mucho sobre como funciona el medio natural y sabemos lo que puede pasar si eliminamos los lobos. Por desgracia la sierra de And\u00fajar es un ejemplo de ello, donde la gran presi\u00f3n de herb\u00edvoros amenaza un h\u00e1bitat natural de gran biodiversidad por el que a\u00fan campan muchos de los taxones m\u00e1s representativos de la fauna mediterr\u00e1nea.<\/p><p>De igual manera, tambi\u00e9n sabemos de las da\u00f1inas consecuencias del cambio de la ganader\u00eda extensiva por la ganader\u00eda industrial. Cuantas menos reses queden en el monte y m\u00e1s reses est\u00e9n estabuladas en las grandes granjas m\u00e1s cerca estaremos de desconectarnos totalmente de la naturaleza que nos sustenta.<\/p><p>Hay que proteger a ambos, a lobos y a ganaderos. Sin medias tintas, de la forma que sea m\u00e1s efectiva. Existen herramientas de sobra. Subvencionar medidas protecci\u00f3n, pagar a tiempo los da\u00f1os y valorar e incentivar los productos compatibles con los lobos son algunas de ellas.<\/p><p>Por desgracia tanto los pastores serranos como los lobos han desaparecido en gran parte de nuestra geograf\u00eda. Y no nos podemos permitir la desaparici\u00f3n de ninguno de los dos.<\/p>\t\t\t\t\t\t\t\t<\/div>\n\t\t\t\t<\/div>\n\t\t\t\t<div class=\"elementor-element elementor-element-3adedac elementor-widget elementor-widget-image\" data-id=\"3adedac\" data-element_type=\"widget\" data-widget_type=\"image.default\">\n\t\t\t\t<div class=\"elementor-widget-container\">\n\t\t\t\t\t\t\t\t\t\t\t\t\t\t\t<img decoding=\"async\" width=\"570\" height=\"410\" src=\"https:\/\/naturoots.es\/wp-content\/uploads\/2022\/03\/lobo-6.jpg\" class=\"attachment-full size-full wp-image-3303\" alt=\"Observaci\u00f3n de linces And\u00fajar - NATUROOTS\" srcset=\"https:\/\/naturoots.es\/wp-content\/uploads\/2022\/03\/lobo-6.jpg 570w, https:\/\/naturoots.es\/wp-content\/uploads\/2022\/03\/lobo-6-300x216.jpg 300w\" sizes=\"(max-width: 570px) 100vw, 570px\" \/>\t\t\t\t\t\t\t\t\t\t\t\t\t\t\t<\/div>\n\t\t\t\t<\/div>\n\t\t\t\t\t<\/div>\n\t\t\t\t<\/div>\n\t\t\t\t<\/div>","protected":false},"excerpt":{"rendered":"<p>En el territorio en el que tenemos la suerte de trabajar, en plena Sierra Morena, hace tiempo que desapareci\u00f3 un elemento fundamental que daba sentido y equilibrio a su bello paisaje. De los altos cerros a sus profundas gargantas, el silencio en las noches de oto\u00f1o extra\u00f1a un sonido que evoca leyendas y mitos; el [&hellip;]<\/p>","protected":false},"author":3,"featured_media":1886,"comment_status":"open","ping_status":"open","sticky":false,"template":"","format":"standard","meta":{"_acf_changed":false,"footnotes":""},"categories":[7],"tags":[],"class_list":["post-1885","post","type-post","status-publish","format-standard","has-post-thumbnail","hentry","category-naturaleza"],"acf":[],"_links":{"self":[{"href":"https:\/\/naturoots.es\/en\/wp-json\/wp\/v2\/posts\/1885","targetHints":{"allow":["GET"]}}],"collection":[{"href":"https:\/\/naturoots.es\/en\/wp-json\/wp\/v2\/posts"}],"about":[{"href":"https:\/\/naturoots.es\/en\/wp-json\/wp\/v2\/types\/post"}],"author":[{"embeddable":true,"href":"https:\/\/naturoots.es\/en\/wp-json\/wp\/v2\/users\/3"}],"replies":[{"embeddable":true,"href":"https:\/\/naturoots.es\/en\/wp-json\/wp\/v2\/comments?post=1885"}],"version-history":[{"count":0,"href":"https:\/\/naturoots.es\/en\/wp-json\/wp\/v2\/posts\/1885\/revisions"}],"wp:featuredmedia":[{"embeddable":true,"href":"https:\/\/naturoots.es\/en\/wp-json\/wp\/v2\/media\/1886"}],"wp:attachment":[{"href":"https:\/\/naturoots.es\/en\/wp-json\/wp\/v2\/media?parent=1885"}],"wp:term":[{"taxonomy":"category","embeddable":true,"href":"https:\/\/naturoots.es\/en\/wp-json\/wp\/v2\/categories?post=1885"},{"taxonomy":"post_tag","embeddable":true,"href":"https:\/\/naturoots.es\/en\/wp-json\/wp\/v2\/tags?post=1885"}],"curies":[{"name":"wp","href":"https:\/\/api.w.org\/{rel}","templated":true}]}}